{"id":30893,"date":"2022-06-05T22:04:28","date_gmt":"2022-06-06T01:04:28","guid":{"rendered":"https:\/\/ucegamers.com.br\/site2023\/?p=30893"},"modified":"2022-06-05T22:04:31","modified_gmt":"2022-06-06T01:04:31","slug":"fas-estao-preocupados-com-a-situacao-de-ken-no-novo-jogo-street-fighter-6","status":"publish","type":"post","link":"https:\/\/ucegamers.com.br\/site2023\/fas-estao-preocupados-com-a-situacao-de-ken-no-novo-jogo-street-fighter-6\/","title":{"rendered":"F\u00e3s est\u00e3o preocupados com a situa\u00e7\u00e3o de Ken no novo jogo Street Fighter 6 ?"},"content":{"rendered":"\n<p><strong>Foto: Capcom<\/strong><\/p>\n\n\n\n<h5><strong>Ken n\u00e3o identifica o mesmo em Street Fighter 6<\/strong><\/h5>\n\n\n\n<p><strong>Em&nbsp;Street Fighter 6, os personagens est\u00e3o com um visual repaginado, tanto graficamente dizendo enquanto tratando do visual do jogo quanto a pr\u00f3pria vestimenta e algumas mudan\u00e7as singelas.<\/strong><\/p>\n\n\n\n<p><strong>Por exemplo, agora Ryu contagem com uma esp\u00e9cie de capa, enquanto Chun-Li ret\u00e9m um traje com cor diferente, e mudan\u00e7as no cabelo.<\/strong><\/p>\n\n\n\n<p><strong>No entanto,\u00a0uma imagem vazada com a arte de 22 lutadores disse outras mudan\u00e7as interessantes. E entre eles, Ken teve uma altera\u00e7\u00e3o dr\u00e1stica.<\/strong><\/p>\n\n\n\n<h6><strong>Confira a imagem abaixo:<\/strong><\/h6>\n\n\n\n<figure class=\"wp-block-image\"><img decoding=\"async\" src=\"https:\/\/www.comboinfinito.com.br\/principal\/wp-content\/uploads\/2022\/06\/Street-Fighter-6-Ken.jpg\" alt=\"\" \/><\/figure>\n\n\n\n<p><strong>Por <\/strong><strong>contagem<\/strong><strong> da mudan\u00e7a de visual entre Ken em Street Fighter 5 e sua nova <\/strong><strong>revestimento<\/strong><strong> em Street Fighter 6, f\u00e3s do jogo est\u00e3o \u201c<\/strong><em><strong>preocupados<\/strong><\/em><strong>\u201d com a situa\u00e7\u00e3o do personagem no novo jogo.<\/strong><\/p>\n\n\n\n<p><strong>Inclusive, o novo visual <\/strong><strong>prop\u00f4s<\/strong><strong> teorias das mais diversas, sobre como Ken foi \u201ca fal\u00eancia\u201d.<\/strong><\/p>\n\n\n\n<p><strong>A hist\u00f3ria mais <\/strong><strong>extremista<\/strong><strong> sobre o lutador surgiu em um rumor de que ele teria perdido a filha, abandonado por Eliza \u2013esposa que levou a crian\u00e7a e <\/strong><strong>interrompido<\/strong><strong> na sarjeta por <\/strong><strong>contagem<\/strong><strong> pr\u00f3pria.<\/strong><\/p>\n\n\n\n<p><strong><span class=\"has-inline-color has-vivid-red-color\">A teoria gira em torno da derrocada de Ken, e segundo a hist\u00f3ria que passaram, seu desejo por se tornar melhor que Ryu acabou \u201ccansando Eliza\u201d.<\/span><\/strong><\/p>\n\n\n\n<p><strong>Mas como \u00e9 de se esperar, tal <\/strong><strong>tem\u00e1tica<\/strong><strong> n\u00e3o passa de especula\u00e7\u00e3o levantada pelo p\u00fablico.<\/strong><\/p>\n\n\n\n<p><strong>O tweet inferiormente reitera a hist\u00f3ria que tem circulado nas redes.<\/strong><\/p>\n\n\n\n<figure class=\"wp-block-embed is-type-rich is-provider-twitter wp-block-embed-twitter\"><div class=\"wp-block-embed__wrapper\">\n<blockquote class=\"twitter-tweet\" data-width=\"550\" data-dnt=\"true\"><p lang=\"en\" dir=\"ltr\">Bro you can&#39;t make this shit up, they turned him into karate Asgore.  SHE TOOK THE KIDS RYU. <a href=\"https:\/\/t.co\/a6IWefPMIJ\">pic.twitter.com\/a6IWefPMIJ<\/a><\/p>&mdash; B.G. (@BG_KOF) <a href=\"https:\/\/twitter.com\/BG_KOF\/status\/1532823327902924808?ref_src=twsrc%5Etfw\">June 3, 2022<\/a><\/blockquote><script async src=\"https:\/\/platform.twitter.com\/widgets.js\" charset=\"utf-8\"><\/script>\n<\/div><\/figure>\n\n\n\n<p><strong>Ainda \u00e9 incerto qual a conjuntura de Ken em Street Fighter 6, mas por enquanto, nem mesmo a pr\u00f3pria Capcom revelou o personagem de forma oficial.<\/strong><\/p>\n\n\n\n<p><strong>Al\u00e9m disso, seu novo visual pode ser apenas interroga\u00e7\u00e3o de apar\u00eancia, e n\u00e3o fatalmente estar ligado a uma jornada t\u00e3o tr\u00e1gica.<\/strong><\/p>\n\n\n\n<p><strong>Em adi\u00e7\u00e3o, temperado apenas que esperar por mais detalhes oficiais.<\/strong><\/p>\n\n\n\n<p><strong>Street Fighter 6 tem lan\u00e7amento apontado para 2023.&nbsp;<\/strong><\/p>\n\n\n\n<p><strong>O game determinara com vers\u00f5es para Xbox Series X|S, PlayStation 4, PlayStation 5, PC\u2019s e sucessor Nintendo Switch.<\/strong><\/p>\n","protected":false},"excerpt":{"rendered":"<p>Foto: Capcom Ken n\u00e3o identifica o mesmo em Street Fighter 6 Em&nbsp;Street Fighter 6, os personagens est\u00e3o com um visual&hellip;<\/p>\n","protected":false},"author":66,"featured_media":30918,"comment_status":"open","ping_status":"open","sticky":false,"template":"","format":"standard","meta":{"ngg_post_thumbnail":0},"categories":[1],"tags":[],"_links":{"self":[{"href":"https:\/\/ucegamers.com.br\/site2023\/wp-json\/wp\/v2\/posts\/30893"}],"collection":[{"href":"https:\/\/ucegamers.com.br\/site2023\/wp-json\/wp\/v2\/posts"}],"about":[{"href":"https:\/\/ucegamers.com.br\/site2023\/wp-json\/wp\/v2\/types\/post"}],"author":[{"embeddable":true,"href":"https:\/\/ucegamers.com.br\/site2023\/wp-json\/wp\/v2\/users\/66"}],"replies":[{"embeddable":true,"href":"https:\/\/ucegamers.com.br\/site2023\/wp-json\/wp\/v2\/comments?post=30893"}],"version-history":[{"count":2,"href":"https:\/\/ucegamers.com.br\/site2023\/wp-json\/wp\/v2\/posts\/30893\/revisions"}],"predecessor-version":[{"id":30919,"href":"https:\/\/ucegamers.com.br\/site2023\/wp-json\/wp\/v2\/posts\/30893\/revisions\/30919"}],"wp:featuredmedia":[{"embeddable":true,"href":"https:\/\/ucegamers.com.br\/site2023\/wp-json\/wp\/v2\/media\/30918"}],"wp:attachment":[{"href":"https:\/\/ucegamers.com.br\/site2023\/wp-json\/wp\/v2\/media?parent=30893"}],"wp:term":[{"taxonomy":"category","embeddable":true,"href":"https:\/\/ucegamers.com.br\/site2023\/wp-json\/wp\/v2\/categories?post=30893"},{"taxonomy":"post_tag","embeddable":true,"href":"https:\/\/ucegamers.com.br\/site2023\/wp-json\/wp\/v2\/tags?post=30893"}],"curies":[{"name":"wp","href":"https:\/\/api.w.org\/{rel}","templated":true}]}}