{"id":26555,"date":"2021-11-19T17:27:01","date_gmt":"2021-11-19T20:27:01","guid":{"rendered":"https:\/\/ucegamers.com.br\/site2023\/?p=26555"},"modified":"2023-12-19T21:43:58","modified_gmt":"2023-12-20T00:43:58","slug":"feira-do-conhecimento-digital-mais-de-40-horas-de-conteudo-gratuito-e-estaremos-marcando-presenca-mais-uma-vez","status":"publish","type":"post","link":"https:\/\/ucegamers.com.br\/site2023\/feira-do-conhecimento-digital-mais-de-40-horas-de-conteudo-gratuito-e-estaremos-marcando-presenca-mais-uma-vez\/","title":{"rendered":"Feira do Conhecimento Digital: mais de 40 horas de conte\u00fado gratuito e estaremos marcando presen\u00e7a mais uma vez :)"},"content":{"rendered":"\n<p><em><strong>A edi\u00e7\u00e3o deste ano tamb\u00e9m contar\u00e1 com cerca de 80 expositores distribu\u00eddos em um pavilh\u00e3o 3D<\/strong><\/em><\/p>\n\n\n\n<p>A Feira do Conhecimento Digital (FdC) nem come\u00e7ou e j\u00e1 tem alcan\u00e7ado n\u00fameros expressivos nesta que \u00e9 a quinta edi\u00e7\u00e3o do evento. Ao todo, ser\u00e3o quase 60 palestrantes divididos entre os dias 24, 25 e 26 de novembro. As atividades com nomes consagrados do universo do empreendedorismo, da educa\u00e7\u00e3o e da ci\u00eancia e tecnologia somam mais de 40 horas de conte\u00fado gratuito, em formato virtual e ao vivo.<\/p>\n\n\n\n<p>Os visitantes tamb\u00e9m poder\u00e3o percorrer cerca de 80 estandes que ocupar\u00e3o o pavilh\u00e3o de exposi\u00e7\u00f5es em 3D. O local ir\u00e1 simular o Centro de Eventos do Cear\u00e1 e os expositores apresentar\u00e3o seus produtos, far\u00e3o networking e ter\u00e3o a oportunidade de fechar neg\u00f3cios durante a feira.<br><\/p>\n\n\n\n<figure class=\"wp-block-image size-large\"><a href=\"https:\/\/ucegamers.com.br\/site2023\/wp-content\/uploads\/2021\/11\/FDC.jpeg\"><img decoding=\"async\" loading=\"lazy\" width=\"526\" height=\"526\" src=\"https:\/\/ucegamers.com.br\/site2023\/wp-content\/uploads\/2021\/11\/FDC.jpeg\" alt=\"\" class=\"wp-image-26556\" srcset=\"https:\/\/ucegamers.com.br\/site2023\/wp-content\/uploads\/2021\/11\/FDC.jpeg 526w, https:\/\/ucegamers.com.br\/site2023\/wp-content\/uploads\/2021\/11\/FDC-300x300.jpeg 300w, https:\/\/ucegamers.com.br\/site2023\/wp-content\/uploads\/2021\/11\/FDC-150x150.jpeg 150w\" sizes=\"(max-width: 526px) 100vw, 526px\" \/><\/a><\/figure>\n\n\n\n<p><strong><em>Entre as atra\u00e7\u00f5es, est\u00e3o Roberto Nogueira, CEO da Brisanet; D\u00e9bora Garofalo, primeira brasileira indicada ao \u201cNobel da Educa\u00e7\u00e3o\u201d; e Darlan C\u00e2ndido, cearense integrante do grupo que sequenciou, em 48h, o genoma do Coronav\u00edrus<\/em><\/strong><\/p>\n\n\n\n<p>Com programa\u00e7\u00e3o 100% virtual e integra\u00e7\u00e3o com a Semanas Universit\u00e1rias Estaduais, a quinta edi\u00e7\u00e3o da Feira do Conhecimento Digital (FdC) ser\u00e1 realizada dos dias 24 a 26 de novembro. O evento \u00e9 promovido pelo Governo do Cear\u00e1, por meio da Secretaria da Ci\u00eancia, Tecnologia e Educa\u00e7\u00e3o Superior (Secitece), e acontecer\u00e1 em uma plataforma interativa para feiras virtuais 3D. As palestras s\u00e3o gratuitas e, para participar, \u00e9 necess\u00e1rio se inscrever em&nbsp;<a href=\"https:\/\/feiradoconhecimento.com.br\/\" target=\"_blank\" rel=\"noreferrer noopener\">https:\/\/feiradoconhecimento.com.br\/<\/a>.<\/p>\n\n\n\n<p>Al\u00e9m das presen\u00e7as das multinacionais Amazon, Oracle, Microsoft e Ambev, a FdC deste ano ter\u00e1 como atra\u00e7\u00f5es Roberto Nogueira, CEO da Brisanet, empresa de Pereiro\/CE que arrematou, por R$ 1,2 bilh\u00e3o, o leil\u00e3o 5G para o Nordeste; D\u00e9bora Garofalo, primeira brasileira indicada ao \u201cNobel da Educa\u00e7\u00e3o\u201d; e Darlan C\u00e2ndido, cearense integrante do grupo de cientistas que sequenciou, em 48h, o genoma do Coronav\u00edrus.<\/p>\n\n\n\n<p>Estar\u00e3o presentes ainda Rafael Lozano, country manager Brazil da Ellalink, empresa respons\u00e1vel pelos cabos submarinos que ligam Brasil a diversos continentes a partir de Fortaleza; o pesquisador Volnei Garrafa, coordenador da C\u00e1tedra Unesco de Bio\u00e9tica da UnB; e Thoroh de Souza, professor da Mackenzie especialista em Grafeno, considerado o \u201cmaterial do futuro\u201d e que permite diversas revolu\u00e7\u00f5es tecnol\u00f3gicas.<\/p>\n\n\n\n<p>As cientistas-mirins Nicole Oliveira (alagoana residente em Fortaleza\/CE) e Larissa Paiva (cearense), destaques no programa \u201cCa\u00e7a-Asteroides\u201d, iniciativa do International Astronomical Search Collaboration (IASC\/NASA) em parceria com o Minist\u00e9rio da Ci\u00eancia, Tecnologia e Inova\u00e7\u00f5es (MCTI), tamb\u00e9m far\u00e3o parte das atra\u00e7\u00f5es da Feira do Conhecimento. Elas v\u00e3o falar sobre os desafios de colocar em pr\u00e1tica os estudos em Astronomia.<\/p>\n\n\n\n<p><strong>Centen\u00e1rio de Paulo Freire<\/strong><\/p>\n\n\n\n<p>No primeiro dia de feira, 24 de novembro, a programa\u00e7\u00e3o ser\u00e1 dedicada ao centen\u00e1rio de Paulo Freire, patrono da educa\u00e7\u00e3o brasileira. Especialistas abordar\u00e3o o seu legado por meio de temas como \u201cEduca\u00e7\u00e3o e Ci\u00eancia como pr\u00e1tica de liberdade\u201d e \u201cA Pedagogia do oprimido da esperan\u00e7a\u201d. A FdC Digital tamb\u00e9m trar\u00e1 D\u00e9bora Garofalo, primeira mulher brasileira e primeira sul-americana a ser finalista no Global Teacher Prize, considerado o Nobel da educa\u00e7\u00e3o, para falar sobre \u201cEduca\u00e7\u00e3o Disruptiva\u201d.<\/p>\n\n\n\n<p><strong>IoT e startups<\/strong><\/p>\n\n\n\n<p>Ainda no dia 24, a Feira do Conhecimento ter\u00e1 a presen\u00e7a virtual do professor Joel Rodrigues, representante do&nbsp;<em>Institute of Electrical and Electronic Engineers (IEEE)<\/em>, maior organiza\u00e7\u00e3o t\u00e9cnica profissional do mundo dedicada ao avan\u00e7o da tecnologia para a humanidade. Ele abordar\u00e1 o tema \u201cAlavancando ambientes inteligentes com Internet das Coisas (IoT)\u201d.<\/p>\n\n\n\n<p>No evento tamb\u00e9m haver\u00e1 pain\u00e9is com representantes de multinacionais como Amazon, Oracle e Ambev, mostrando cases de sucesso e debatendo sobre cen\u00e1rios futuros dentro do universo das startups, numa programa\u00e7\u00e3o organizada pelo Corredores Digitais, maior programa de fomento a neg\u00f3cios inovadores do Cear\u00e1.<\/p>\n\n\n\n<p><strong>\u201cDe Pereiro para a Forbes\u201d<\/strong><\/p>\n\n\n\n<p>No segundo dia de FdC Digital, 25 de novembro, a feira contar\u00e1 com a participa\u00e7\u00e3o do empreendedor Roberto Nogueira, que comandar\u00e1 a palestra \u201cDe Pereiro para a Forbes\u201d. O CEO da Brisanet vai contar a trajet\u00f3ria da empresa de telecomunica\u00e7\u00f5es criada no semi\u00e1rido cearense e que, recentemente, arrematou, por R$ 1,2 bilh\u00e3o, o leil\u00e3o 5G para ser fornecedora da tecnologia na regi\u00e3o Nordeste do Pa\u00eds.<\/p>\n\n\n\n<p>Sa\u00fade, Bio\u00e9tica e Nanotecnologia tamb\u00e9m estar\u00e3o presentes nas discuss\u00f5es do segundo dia de feira. O professor Volnei Garrafa, coordenador da C\u00e1tedra Unesco de Bio\u00e9tica da UnB, vai abordar o tema \u201cBio\u00e9tica, Ci\u00eancia e Tecnologia: limitar ou controlar?\u201d. Outro convidado \u00e9 Thoroh de Souza, professor da Mackenzie, falando sobre o tema \u201cGrafeno: revolu\u00e7\u00e3o da Nanotecnologia\u201d, com novidades sobre este que \u00e9 considerado o \u201cmaterial do futuro\u201d, formado por \u00e1tomos de carbono e capaz de permitir diversas revolu\u00e7\u00f5es tecnol\u00f3gicas.<\/p>\n\n\n\n<p><strong>Tecnologia a servi\u00e7o da arte<\/strong><\/p>\n\n\n\n<p>Arte e tecnologia ter\u00e3o espa\u00e7o na FdC Digital ainda no dia 25 de novembro, com a discuss\u00e3o sobre NFTs (sigla em ingl\u00eas para \u201ctokens n\u00e3o fung\u00edveis\u201d). O curador da Bin\u00e1ria.Art, Gustavo Martes, vai mostrar de que forma esses materiais digitais \u00fanicos, como fotos ou pinturas, podem adquirir certificado de propriedade e serem considerados exclusivos para comercializa\u00e7\u00e3o. No mesmo dia, Jo\u00e3o Portinari, filho de C\u00e2ndido Portinari, apresentar\u00e1 um projeto inovador, que tem colocado a tecnologia a servi\u00e7o da arte.<\/p>\n\n\n\n<p><strong>Ca\u00e7a-Asteroides<\/strong><\/p>\n\n\n\n<p>As cientistas-mirins Nicole Oliveira e Larissa Paiva, destaques no programa \u201cCa\u00e7a-Asteroides\u201d, far\u00e3o parte das atra\u00e7\u00f5es do \u00faltimo dia da Feira do Conhecimento, 26 de novembro. O programa \u00e9 uma iniciativa do International Astronomical Search Collaboration (IASC\/NASA) com abrang\u00eancia nacional e internacional, realizado em parceria com o Minist\u00e9rio da Ci\u00eancia, Tecnologia e Inova\u00e7\u00f5es (MCTI). Elas v\u00e3o falar um pouco sobre a participa\u00e7\u00e3o no programa e os desafios de colocar em pr\u00e1tica os estudos em Astronomia. O bate-papo contar\u00e1 com a presen\u00e7a do diretor do Planet\u00e1rio Rubens de Azevedo, Dermeval Carneiro.<\/p>\n\n\n\n<p>A feira tamb\u00e9m dedicar\u00e1 o \u00faltimo dia ao debate de temas envolvendo tecnologias disruptivas, inova\u00e7\u00f5es e transforma\u00e7\u00f5es digitais, comandados por representantes de institui\u00e7\u00f5es como Microsoft, NINNA Hubs e Iracema Digital.<\/p>\n\n\n\n<p><strong>Exposi\u00e7\u00e3o 3D<\/strong><\/p>\n\n\n\n<p>Os visitantes da FdC digital tamb\u00e9m poder\u00e3o conferir as novidades do mundo da Ci\u00eancia e da Tecnologia em um pavilh\u00e3o de exposi\u00e7\u00f5es com estandes virtuais e personalizados de empresas e institui\u00e7\u00f5es parceiras.<\/p>\n\n\n\n<p><strong>UCEG mais uma vez no evento<\/strong><\/p>\n\n\n\n<p>A Uni\u00e3o Cearense de Gamers estar\u00e1 presente mais uma vez no evento em seu Stand Virtual e com a Palestra: &#8220;<em><strong>Metaverso: o que isso tem a ver com games<\/strong><\/em>&#8221; com a participa\u00e7\u00e3o de nosso presidente Izequiel Nor\u00f5es,  Tiago Guimar\u00e3es (CEO da Bugaboo Studio) e Andr\u00e9 Peixoto (Advogado e especialista em Direito Digital e Prote\u00e7\u00e3o de Dados).<br>A palestra acontecer\u00e1 no dia 25 das 15 \u00e0s 16 horas dentro da programa\u00e7\u00e3o do evento.<br><br><\/p>\n\n\n\n<figure class=\"wp-block-image\"><img decoding=\"async\" src=\"https:\/\/www.sct.ce.gov.br\/wp-content\/uploads\/sites\/34\/2021\/11\/IMG-20211011-WA0012.jpg\" alt=\"\"\/><\/figure>\n\n\n\n<p> A FdC Digital \u00e9 uma realiza\u00e7\u00e3o do Governo do Cear\u00e1, por meio da Secretaria da Ci\u00eancia, Tecnologia e Educa\u00e7\u00e3o Superior (Secitece).<\/p>\n\n\n\n<p><strong>Servi\u00e7o:<\/strong><br>Feira do Conhecimento Digital 2021 (FdC)<br>De 24 a 26 de novembro \u2013 Evento 100% virtual e gratuito<br>Inscri\u00e7\u00f5es e programa\u00e7\u00e3o completa em&nbsp;<a href=\"http:\/\/www.feiradoconhecimento.com.br\/\" target=\"_blank\" rel=\"noreferrer noopener\">www.feiradoconhecimento.com.br<\/a><br>Realiza\u00e7\u00e3o: Governo do Cear\u00e1\/Secitece<\/p>\n","protected":false},"excerpt":{"rendered":"<p>Feira do Conhecimento Digital: mais de 40 horas de conte\u00fado gratuito e estaremos marcando presen\u00e7a mais uma vez \ud83d\ude42<\/p>\n","protected":false},"author":2,"featured_media":26557,"comment_status":"open","ping_status":"open","sticky":false,"template":"","format":"standard","meta":{"ngg_post_thumbnail":0},"categories":[4],"tags":[722],"_links":{"self":[{"href":"https:\/\/ucegamers.com.br\/site2023\/wp-json\/wp\/v2\/posts\/26555"}],"collection":[{"href":"https:\/\/ucegamers.com.br\/site2023\/wp-json\/wp\/v2\/posts"}],"about":[{"href":"https:\/\/ucegamers.com.br\/site2023\/wp-json\/wp\/v2\/types\/post"}],"author":[{"embeddable":true,"href":"https:\/\/ucegamers.com.br\/site2023\/wp-json\/wp\/v2\/users\/2"}],"replies":[{"embeddable":true,"href":"https:\/\/ucegamers.com.br\/site2023\/wp-json\/wp\/v2\/comments?post=26555"}],"version-history":[{"count":2,"href":"https:\/\/ucegamers.com.br\/site2023\/wp-json\/wp\/v2\/posts\/26555\/revisions"}],"predecessor-version":[{"id":26560,"href":"https:\/\/ucegamers.com.br\/site2023\/wp-json\/wp\/v2\/posts\/26555\/revisions\/26560"}],"wp:featuredmedia":[{"embeddable":true,"href":"https:\/\/ucegamers.com.br\/site2023\/wp-json\/wp\/v2\/media\/26557"}],"wp:attachment":[{"href":"https:\/\/ucegamers.com.br\/site2023\/wp-json\/wp\/v2\/media?parent=26555"}],"wp:term":[{"taxonomy":"category","embeddable":true,"href":"https:\/\/ucegamers.com.br\/site2023\/wp-json\/wp\/v2\/categories?post=26555"},{"taxonomy":"post_tag","embeddable":true,"href":"https:\/\/ucegamers.com.br\/site2023\/wp-json\/wp\/v2\/tags?post=26555"}],"curies":[{"name":"wp","href":"https:\/\/api.w.org\/{rel}","templated":true}]}}